{"id":2938,"date":"2020-05-20T16:01:10","date_gmt":"2020-05-20T16:01:10","guid":{"rendered":"http:\/\/grupomasbtl.com.mx\/grupojoseli\/?p=2938"},"modified":"2020-05-20T16:05:08","modified_gmt":"2020-05-20T16:05:08","slug":"iniciamos-con-nuestra-cosecha-de-mango","status":"publish","type":"post","link":"https:\/\/grupomasbtl.com.mx\/grupojoseli\/2020\/05\/20\/iniciamos-con-nuestra-cosecha-de-mango\/","title":{"rendered":"Iniciamos con nuestra cosecha de mango"},"content":{"rendered":"<h3>Iniciamos con nuestra cosecha de mango<\/h3>\n<p>Estamos justo en la temporada donde esta deliciosa fruta esta mejor que nunca. Cuidamos cada detalle para que nuestras cosechas sean las mejores<\/p>\n<p><a class=\"_58cn\" href=\"https:\/\/www.facebook.com\/hashtag\/grupojoseli?__eep__=6&amp;source=feed_text&amp;epa=HASHTAG&amp;__xts__%5B0%5D=68.ARC3vcdvZZTWM3S-N3VF3fHhg_saLo9aq-U0ZWTBaUesZNdwIaezyo1DXUc7RifRSwbs26WOG4N_X84koDvQH2LHkx3UBauKyhxTkubgFzSZUAuoZc8K0E_LdJYcdIjMaVtYtRrdmyd3oBrDXNbx8eIjdo_c8NvFcN4ooHZSzoJOhazeWAxqI3Gx47uODzLp6irKUde88_8f1keea-v1bBvPaOpL21xvRfhyP1NfKFLyW_jXAKBiK9JOanmTV0syaAaoUNXyNrqvBwFN6mV_3KuX7OoD5g-inrmaN9UAj5tGeZ445rmFT4rxFFTB_l1ULNW06aii3liMDrl-Hn6skEQ&amp;__tn__=%2ANK-R\" data-ft=\"{&quot;type&quot;:104,&quot;tn&quot;:&quot;*N&quot;}\"><span class=\"_5afx\"><span class=\"_58cl _5afz\" aria-label=\"hashtag\">#<\/span><span class=\"_58cm\">GrupoJoseli<\/span><\/span><\/a><\/p>\n<p>Lauro Barr\u00f3n dio a conocer que estiman iniciar los cortes a partir de la primera quincena de mayo en variedades como Manila, Ataulfo, Keitt y Kent<\/p>\n<p>&nbsp;<\/p>\n<p>La producci\u00f3n de mango en el municipio de Escuinapa se encuentra en proceso de crecimiento de la fruta, especialmente de la variedad Manila, Ataulfo, Keitt y Kent, aunque ser\u00e1 despu\u00e9s de la primera quincena de mayo cuando los mangos puedan tomar un buen tama\u00f1o y con ello iniciar la cosecha.<\/p>\n<p>&nbsp;<\/p>\n<p>Lauro Barr\u00f3n L\u00f3pez, presidente de la Asociaci\u00f3n de Agricultores del Rio de las Ca\u00f1as inform\u00f3 que estiman una recuperaci\u00f3n en cuanto a los vol\u00famenes de producci\u00f3n dentro del pr\u00f3ximo ciclo de mangos, por la buena temporada de lluvias del a\u00f1o pasado que permiti\u00f3 mejorar las condiciones de las parcelas.<\/p>\n<p>&nbsp;<\/p>\n<p>Barr\u00f3n L\u00f3pez indic\u00f3 que debido a que la actividad de las hortalizas y verduras, est\u00e1 en su etapa final el personal jornalero se ha retirado del municipio, sin embargo, muchos regresar\u00edan a partir de la tercera semana de mayo para iniciar con los cortes de mango al iniciar la temporada 2020.<\/p>\n<p>&nbsp;<\/p>\n<p>&nbsp;<\/p>\n<p>&nbsp;<\/p>\n<p><img decoding=\"async\" loading=\"lazy\" class=\"aligncenter wp-image-2939 size-full\" src=\"http:\/\/grupomasbtl.com.mx\/grupojoseli\/wp-content\/uploads\/sites\/11\/2020\/05\/97974405_880153219169994_6681071218067505152_n.png\" alt=\"\" width=\"424\" height=\"568\" srcset=\"https:\/\/grupomasbtl.com.mx\/grupojoseli\/wp-content\/uploads\/sites\/11\/2020\/05\/97974405_880153219169994_6681071218067505152_n.png 424w, https:\/\/grupomasbtl.com.mx\/grupojoseli\/wp-content\/uploads\/sites\/11\/2020\/05\/97974405_880153219169994_6681071218067505152_n-224x300.png 224w\" sizes=\"(max-width: 424px) 100vw, 424px\" \/> \u00a0<img decoding=\"async\" loading=\"lazy\" class=\"aligncenter wp-image-2941 size-full\" src=\"http:\/\/grupomasbtl.com.mx\/grupojoseli\/wp-content\/uploads\/sites\/11\/2020\/05\/97464065_880153195836663_409078240326451200_n.png\" alt=\"\" width=\"423\" height=\"423\" srcset=\"https:\/\/grupomasbtl.com.mx\/grupojoseli\/wp-content\/uploads\/sites\/11\/2020\/05\/97464065_880153195836663_409078240326451200_n.png 423w, https:\/\/grupomasbtl.com.mx\/grupojoseli\/wp-content\/uploads\/sites\/11\/2020\/05\/97464065_880153195836663_409078240326451200_n-300x300.png 300w, https:\/\/grupomasbtl.com.mx\/grupojoseli\/wp-content\/uploads\/sites\/11\/2020\/05\/97464065_880153195836663_409078240326451200_n-150x150.png 150w\" sizes=\"(max-width: 423px) 100vw, 423px\" \/> \u00a0<img decoding=\"async\" loading=\"lazy\" class=\"aligncenter wp-image-2943 size-full\" src=\"http:\/\/grupomasbtl.com.mx\/grupojoseli\/wp-content\/uploads\/sites\/11\/2020\/05\/97041961_880153275836655_4557770662600507392_n.png\" alt=\"\" width=\"428\" height=\"545\" srcset=\"https:\/\/grupomasbtl.com.mx\/grupojoseli\/wp-content\/uploads\/sites\/11\/2020\/05\/97041961_880153275836655_4557770662600507392_n.png 428w, https:\/\/grupomasbtl.com.mx\/grupojoseli\/wp-content\/uploads\/sites\/11\/2020\/05\/97041961_880153275836655_4557770662600507392_n-236x300.png 236w\" sizes=\"(max-width: 428px) 100vw, 428px\" \/><\/p>\n<p>&nbsp;<\/p>\n","protected":false},"excerpt":{"rendered":"<p>Iniciamos con nuestra cosecha de mango Estamos justo en la temporada donde esta deliciosa fruta esta mejor que nunca. Cuidamos [&hellip;]<\/p>\n","protected":false},"author":2,"featured_media":2945,"comment_status":"open","ping_status":"open","sticky":false,"template":"","format":"standard","meta":[],"categories":[1],"tags":[],"_links":{"self":[{"href":"https:\/\/grupomasbtl.com.mx\/grupojoseli\/wp-json\/wp\/v2\/posts\/2938"}],"collection":[{"href":"https:\/\/grupomasbtl.com.mx\/grupojoseli\/wp-json\/wp\/v2\/posts"}],"about":[{"href":"https:\/\/grupomasbtl.com.mx\/grupojoseli\/wp-json\/wp\/v2\/types\/post"}],"author":[{"embeddable":true,"href":"https:\/\/grupomasbtl.com.mx\/grupojoseli\/wp-json\/wp\/v2\/users\/2"}],"replies":[{"embeddable":true,"href":"https:\/\/grupomasbtl.com.mx\/grupojoseli\/wp-json\/wp\/v2\/comments?post=2938"}],"version-history":[{"count":2,"href":"https:\/\/grupomasbtl.com.mx\/grupojoseli\/wp-json\/wp\/v2\/posts\/2938\/revisions"}],"predecessor-version":[{"id":2946,"href":"https:\/\/grupomasbtl.com.mx\/grupojoseli\/wp-json\/wp\/v2\/posts\/2938\/revisions\/2946"}],"wp:featuredmedia":[{"embeddable":true,"href":"https:\/\/grupomasbtl.com.mx\/grupojoseli\/wp-json\/wp\/v2\/media\/2945"}],"wp:attachment":[{"href":"https:\/\/grupomasbtl.com.mx\/grupojoseli\/wp-json\/wp\/v2\/media?parent=2938"}],"wp:term":[{"taxonomy":"category","embeddable":true,"href":"https:\/\/grupomasbtl.com.mx\/grupojoseli\/wp-json\/wp\/v2\/categories?post=2938"},{"taxonomy":"post_tag","embeddable":true,"href":"https:\/\/grupomasbtl.com.mx\/grupojoseli\/wp-json\/wp\/v2\/tags?post=2938"}],"curies":[{"name":"wp","href":"https:\/\/api.w.org\/{rel}","templated":true}]}}