{"id":2929,"date":"2020-03-17T18:10:05","date_gmt":"2020-03-17T18:10:05","guid":{"rendered":"http:\/\/grupomasbtl.com.mx\/grupojoseli\/?p=2929"},"modified":"2020-03-17T18:13:57","modified_gmt":"2020-03-17T18:13:57","slug":"cosecha-de-mango","status":"publish","type":"post","link":"http:\/\/grupomasbtl.com.mx\/grupojoseli\/2020\/03\/17\/cosecha-de-mango\/","title":{"rendered":"Cosecha de mango"},"content":{"rendered":"\n<p>Con positivos rendimientos, arrancaron las cosechas de mango Keitt en el Valle del Yaqui, confirmaron productores.<\/p>\n\n\n\n<p>Fue en el block 325 donde se dieron los primeros cortes de la fruta, se\u00f1al\u00f3 Ram\u00f3n Gonz\u00e1lez Espinoza, con buena calidad.<\/p>\n\n\n\n<p>&#8220;De arranque se tienen muy buenas calidades de mango, producciones y precios de esa variedad que en su mayor\u00eda se est\u00e1 comercializando en el mercado de los Estados Unidos, a nivel local y regional&#8221;, indic\u00f3.<\/p>\n\n\n\n<p>Este periodo de cosecha reactiva la mano de obra y genera una importante derrama, expuso, al igual que el nogal y otros c\u00edtricos.<\/p>\n\n\n\n<p>&#8220;Se est\u00e1 cosechando la variedad Keitt y la producci\u00f3n obtenida de arranque es de 35 toneladas por hect\u00e1rea&#8221;, se\u00f1al\u00f3.<\/p>\n\n\n\n<p>El precio del mango en el mercado se mantiene en los 6 pesos por kilogramo, lo que en el sector no es tan positivo, dijo, y se conf\u00eda en que sufra un alza.<\/p>\n\n\n\n<p>Detall\u00f3 que en el Valle del Yaqui se tiene una superficie establecida de 115.85 hect\u00e1reas de mango, las cuales se localizan en el municipio de B\u00e1cum con 73.85 hect\u00e1reas, en Obreg\u00f3n 32 y 10 en Villa Ju\u00e1rez.<\/p>\n\n\n\n<p>Aunque no toda la superficie se encuentra en producci\u00f3n, el cultivo es una de los frutos perennes que va en amplio crecimiento, destac\u00f3, que brinda su producci\u00f3n en primavera, y que en oto\u00f1o renueva hojas y frutos.<\/p>\n\n\n\n<figure class=\"wp-block-image size-large\"><img decoding=\"async\" loading=\"lazy\" width=\"1024\" height=\"576\" src=\"http:\/\/grupomasbtl.com.mx\/grupojoseli\/wp-content\/uploads\/sites\/11\/2019\/07\/mango-hojas-verdes-ramita-246484-1024x576.jpg\" alt=\"\" class=\"wp-image-2877\" srcset=\"http:\/\/grupomasbtl.com.mx\/grupojoseli\/wp-content\/uploads\/sites\/11\/2019\/07\/mango-hojas-verdes-ramita-246484-1024x576.jpg 1024w, http:\/\/grupomasbtl.com.mx\/grupojoseli\/wp-content\/uploads\/sites\/11\/2019\/07\/mango-hojas-verdes-ramita-246484-300x169.jpg 300w, http:\/\/grupomasbtl.com.mx\/grupojoseli\/wp-content\/uploads\/sites\/11\/2019\/07\/mango-hojas-verdes-ramita-246484-768x432.jpg 768w, http:\/\/grupomasbtl.com.mx\/grupojoseli\/wp-content\/uploads\/sites\/11\/2019\/07\/mango-hojas-verdes-ramita-246484.jpg 1920w\" sizes=\"(max-width: 1024px) 100vw, 1024px\" \/><\/figure>\n","protected":false},"excerpt":{"rendered":"<p>Con positivos rendimientos, arrancaron las cosechas de mango Keitt en el Valle del Yaqui, confirmaron productores. Fue en el block [&hellip;]<\/p>\n","protected":false},"author":2,"featured_media":2520,"comment_status":"open","ping_status":"open","sticky":false,"template":"","format":"standard","meta":[],"categories":[1],"tags":[],"_links":{"self":[{"href":"http:\/\/grupomasbtl.com.mx\/grupojoseli\/wp-json\/wp\/v2\/posts\/2929"}],"collection":[{"href":"http:\/\/grupomasbtl.com.mx\/grupojoseli\/wp-json\/wp\/v2\/posts"}],"about":[{"href":"http:\/\/grupomasbtl.com.mx\/grupojoseli\/wp-json\/wp\/v2\/types\/post"}],"author":[{"embeddable":true,"href":"http:\/\/grupomasbtl.com.mx\/grupojoseli\/wp-json\/wp\/v2\/users\/2"}],"replies":[{"embeddable":true,"href":"http:\/\/grupomasbtl.com.mx\/grupojoseli\/wp-json\/wp\/v2\/comments?post=2929"}],"version-history":[{"count":2,"href":"http:\/\/grupomasbtl.com.mx\/grupojoseli\/wp-json\/wp\/v2\/posts\/2929\/revisions"}],"predecessor-version":[{"id":2931,"href":"http:\/\/grupomasbtl.com.mx\/grupojoseli\/wp-json\/wp\/v2\/posts\/2929\/revisions\/2931"}],"wp:featuredmedia":[{"embeddable":true,"href":"http:\/\/grupomasbtl.com.mx\/grupojoseli\/wp-json\/wp\/v2\/media\/2520"}],"wp:attachment":[{"href":"http:\/\/grupomasbtl.com.mx\/grupojoseli\/wp-json\/wp\/v2\/media?parent=2929"}],"wp:term":[{"taxonomy":"category","embeddable":true,"href":"http:\/\/grupomasbtl.com.mx\/grupojoseli\/wp-json\/wp\/v2\/categories?post=2929"},{"taxonomy":"post_tag","embeddable":true,"href":"http:\/\/grupomasbtl.com.mx\/grupojoseli\/wp-json\/wp\/v2\/tags?post=2929"}],"curies":[{"name":"wp","href":"https:\/\/api.w.org\/{rel}","templated":true}]}}