{"id":2876,"date":"2019-07-29T17:09:47","date_gmt":"2019-07-29T17:09:47","guid":{"rendered":"http:\/\/grupomasbtl.com.mx\/grupojoseli\/?p=2876"},"modified":"2019-07-30T14:10:36","modified_gmt":"2019-07-30T14:10:36","slug":"michoacan-lidera-exportacion-de-mango-en-el-pais","status":"publish","type":"post","link":"http:\/\/grupomasbtl.com.mx\/grupojoseli\/2019\/07\/29\/michoacan-lidera-exportacion-de-mango-en-el-pais\/","title":{"rendered":"Michoac\u00e1n lidera exportaci\u00f3n de mango en el pa\u00eds"},"content":{"rendered":"<p>BOLET\u00cdN DE PRENSA SEDRUA. GOBIERNO DE MICHOAC\u00c1N.<\/p>\n<p>MORELIA, Michoac\u00e1n. Este a\u00f1o, la\u00a0exportaci\u00f3n de mango\u00a0super\u00f3 las\u00a094 mil toneladas, mismas que se obtuvieron en 2 mil 998 huertos certificados, establecidos en diez municipios de la entidad, cifra que adem\u00e1s ratifica el liderazgo de Michoac\u00e1n como exportador de este fruto.<\/p>\n<p><img decoding=\"async\" loading=\"lazy\" class=\"wp-image-2878 aligncenter\" src=\"http:\/\/grupomasbtl.com.mx\/grupojoseli\/wp-content\/uploads\/sites\/11\/2019\/07\/descarga-300x168.jpeg\" alt=\"\" width=\"339\" height=\"190\" \/><\/p>\n<p>Rub\u00e9n Medina Ni\u00f1o, titular de la\u00a0Secretar\u00eda de Desarrollo Rural y Agroalimentario\u00a0(Sedrua), dio a conocer lo anterior y subray\u00f3 que, el campo es un pilar que debe seguir siendo apoyado; por ello, detall\u00f3 que se contin\u00faan fortaleciendo las campa\u00f1as de sanidad e inocuidad agroalimentaria, en los rubros agr\u00edcola, pecuario y pesquero, para consolidar a la entidad como el principal exportador de frutos del pa\u00eds.<\/p>\n<p>Refiri\u00f3 que, el principal destino del mango michoacano, sigue siendo Estados Unidos, con un 85 por ciento del fruto exportado; el resto se va a Canad\u00e1, Europa y al continente asi\u00e1tico. Asimismo, coment\u00f3 que, en m\u00e1s de 13 mil hect\u00e1reas de plantaciones, se obtuvieron los mangos de las variedades\u00a0Haden, Ataulfo, Tommy, Kent, Thai y criollos.<\/p>\n<p><img decoding=\"async\" loading=\"lazy\" class=\"wp-image-2879 aligncenter\" src=\"http:\/\/grupomasbtl.com.mx\/grupojoseli\/wp-content\/uploads\/sites\/11\/2019\/07\/MangoDubaiAleman-300x225.jpg\" alt=\"\" width=\"332\" height=\"249\" srcset=\"http:\/\/grupomasbtl.com.mx\/grupojoseli\/wp-content\/uploads\/sites\/11\/2019\/07\/MangoDubaiAleman-300x225.jpg 300w, http:\/\/grupomasbtl.com.mx\/grupojoseli\/wp-content\/uploads\/sites\/11\/2019\/07\/MangoDubaiAleman.jpg 640w\" sizes=\"(max-width: 332px) 100vw, 332px\" \/><\/p>\n<p>Medina Ni\u00f1o refiri\u00f3 que uno de los objetivos para este a\u00f1o, es declarar al municipio de San Lucas como Zona Libre de Prevalencia de la \u201cMosca de la Fruta\u201d; y mantener los 7 municipios productores vigentes, como Zona de Baja Prevalencia de este problema sanitario.<\/p>\n<p>Por su parte,\u00a0Xavier Ch\u00e1vez, presidente del Sistema Producto Mango, e integrante del\u00a0Comit\u00e9 Estatal de Sanidad Vegetal\u00a0(CESV), ratific\u00f3 las cifras de exportaci\u00f3n dadas a conocer por el titular de Sedrua y subray\u00f3 que el compromiso de los productores, sigue siendo consolidar la sanidad e inocuidad del fruto, a fin de poder incrementar los vol\u00famenes de exportaci\u00f3n.<\/p>\n<p>Finalmente, a\u00f1adi\u00f3 que este a\u00f1o se produjeron m\u00e1s de 142 mil toneladas del mango en sus diferentes variedades; de ellas, m\u00e1s de 12 mil toneladas se van al mercado interno; las 94 mil toneladas que se exportan y el resto va para la agroindustria, principalmente congelados, mermeladas, para yogurt, entre muchos otros.<\/p>\n<p><img decoding=\"async\" loading=\"lazy\" class=\"wp-image-2880 aligncenter\" src=\"http:\/\/grupomasbtl.com.mx\/grupojoseli\/wp-content\/uploads\/sites\/11\/2019\/07\/procesamiento-de-mangos-peruanos-de-exportacio\u0301n-300x226.jpg\" alt=\"\" width=\"344\" height=\"259\" srcset=\"http:\/\/grupomasbtl.com.mx\/grupojoseli\/wp-content\/uploads\/sites\/11\/2019\/07\/procesamiento-de-mangos-peruanos-de-exportacio\u0301n-300x226.jpg 300w, http:\/\/grupomasbtl.com.mx\/grupojoseli\/wp-content\/uploads\/sites\/11\/2019\/07\/procesamiento-de-mangos-peruanos-de-exportacio\u0301n-768x579.jpg 768w, http:\/\/grupomasbtl.com.mx\/grupojoseli\/wp-content\/uploads\/sites\/11\/2019\/07\/procesamiento-de-mangos-peruanos-de-exportacio\u0301n.jpg 961w\" sizes=\"(max-width: 344px) 100vw, 344px\" \/><\/p>\n","protected":false},"excerpt":{"rendered":"<p>BOLET\u00cdN DE PRENSA SEDRUA. GOBIERNO DE MICHOAC\u00c1N. MORELIA, Michoac\u00e1n. Este a\u00f1o, la\u00a0exportaci\u00f3n de mango\u00a0super\u00f3 las\u00a094 mil toneladas, mismas que se [&hellip;]<\/p>\n","protected":false},"author":2,"featured_media":2549,"comment_status":"open","ping_status":"open","sticky":false,"template":"","format":"standard","meta":[],"categories":[9],"tags":[],"_links":{"self":[{"href":"http:\/\/grupomasbtl.com.mx\/grupojoseli\/wp-json\/wp\/v2\/posts\/2876"}],"collection":[{"href":"http:\/\/grupomasbtl.com.mx\/grupojoseli\/wp-json\/wp\/v2\/posts"}],"about":[{"href":"http:\/\/grupomasbtl.com.mx\/grupojoseli\/wp-json\/wp\/v2\/types\/post"}],"author":[{"embeddable":true,"href":"http:\/\/grupomasbtl.com.mx\/grupojoseli\/wp-json\/wp\/v2\/users\/2"}],"replies":[{"embeddable":true,"href":"http:\/\/grupomasbtl.com.mx\/grupojoseli\/wp-json\/wp\/v2\/comments?post=2876"}],"version-history":[{"count":1,"href":"http:\/\/grupomasbtl.com.mx\/grupojoseli\/wp-json\/wp\/v2\/posts\/2876\/revisions"}],"predecessor-version":[{"id":2881,"href":"http:\/\/grupomasbtl.com.mx\/grupojoseli\/wp-json\/wp\/v2\/posts\/2876\/revisions\/2881"}],"wp:featuredmedia":[{"embeddable":true,"href":"http:\/\/grupomasbtl.com.mx\/grupojoseli\/wp-json\/wp\/v2\/media\/2549"}],"wp:attachment":[{"href":"http:\/\/grupomasbtl.com.mx\/grupojoseli\/wp-json\/wp\/v2\/media?parent=2876"}],"wp:term":[{"taxonomy":"category","embeddable":true,"href":"http:\/\/grupomasbtl.com.mx\/grupojoseli\/wp-json\/wp\/v2\/categories?post=2876"},{"taxonomy":"post_tag","embeddable":true,"href":"http:\/\/grupomasbtl.com.mx\/grupojoseli\/wp-json\/wp\/v2\/tags?post=2876"}],"curies":[{"name":"wp","href":"https:\/\/api.w.org\/{rel}","templated":true}]}}