{"id":2852,"date":"2019-02-06T18:53:01","date_gmt":"2019-02-06T18:53:01","guid":{"rendered":"http:\/\/grupomasbtl.com.mx\/grupojoseli\/?p=2852"},"modified":"2019-02-06T18:53:01","modified_gmt":"2019-02-06T18:53:01","slug":"touchdown-para-el-aguacate-mexicano-rompe-record-de-exportacion-a-eu-para-el-super-bowl","status":"publish","type":"post","link":"http:\/\/grupomasbtl.com.mx\/grupojoseli\/2019\/02\/06\/touchdown-para-el-aguacate-mexicano-rompe-record-de-exportacion-a-eu-para-el-super-bowl\/","title":{"rendered":"\u00a1Touchdown para el aguacate mexicano! Rompe r\u00e9cord de exportaci\u00f3n a EU para el Super Bowl"},"content":{"rendered":"<p class=\"paragraph\">A unas horas de que se llevara a cabo\u00a0<strong>el Super Bowl LIII\u00a0<\/strong>entre los Carneros de Los \u00c1ngeles y los Patriotas de Nueva Inglaterra, la Asociaci\u00f3n de Productores y Empacadores Exportadores de M\u00e9xico (APEAM) inform\u00f3 este s\u00e1bado pasado que durante el evento se consumiri\u00e1n alrededor de\u00a0<strong>121 mil toneladas de la fruta en Estados Unidos.<\/strong><\/p>\n<p class=\"paragraph\">La APEAM remarc\u00f3 que se rompieron todos los r\u00e9cords en lo relativo a la explotaci\u00f3n de la fruta para el Super Bowl, que se jug\u00f3 el domingo en Atlanta, Georgia, pues el a\u00f1o pasado el env\u00edo de aguacate por dicho evento deportivo fue de 100 mil toneladas.<\/p>\n<p class=\"paragraph\">&#8220;Se logr\u00f3 superar esta cifra en 21 mil toneladas de aguacate, lo cual representa un gran esfuerzo de log\u00edstica&#8221;, dijo\u00a0<strong>Armando L\u00f3pez Ordu\u00f1a<\/strong>, director general de la APEAM.<\/p>\n<p class=\"paragraph\">Adem\u00e1s, el grupo estim\u00f3 que las exportaciones de esta temporada dejar\u00e1n una derrama econ\u00f3mica que ronda\u00a0<strong>los 250 millones de d\u00f3lares<\/strong>.<\/p>\n<p class=\"paragraph\"><img decoding=\"async\" loading=\"lazy\" class=\"alignnone size-full wp-image-3565\" src=\"http:\/\/grupomasbtl.com.mx\/tyc\/wp-content\/uploads\/sites\/5\/2019\/02\/portada-1-medium.jpg\" alt=\"\" width=\"567\" height=\"319\" \/><\/p>\n<p class=\"paragraph\">En exclusiva para\u00a0<em><strong>El Financiero<\/strong><\/em>, L\u00f3pez Ordu\u00f1a subray\u00f3 que se han generado<strong>\u00a070 mil empleos directos y 300 mil indirectos<\/strong>, principalmente en el estado de Michoac\u00e1n, por esta actividad.<\/p>\n<p class=\"paragraph\">El directivo indic\u00f3 que Estados Unidos es el pa\u00eds que mayor porcentaje consume de las exportaciones de aguacate mexicanas, adquiriendo el 85 por ciento de estos env\u00edos.<\/p>\n<p>Por: El Financiero<\/p>\n","protected":false},"excerpt":{"rendered":"<p>A unas horas de que se llevara a cabo\u00a0el Super Bowl LIII\u00a0entre los Carneros de Los \u00c1ngeles y los Patriotas [&hellip;]<\/p>\n","protected":false},"author":2,"featured_media":2853,"comment_status":"open","ping_status":"open","sticky":false,"template":"","format":"standard","meta":[],"categories":[1],"tags":[],"_links":{"self":[{"href":"http:\/\/grupomasbtl.com.mx\/grupojoseli\/wp-json\/wp\/v2\/posts\/2852"}],"collection":[{"href":"http:\/\/grupomasbtl.com.mx\/grupojoseli\/wp-json\/wp\/v2\/posts"}],"about":[{"href":"http:\/\/grupomasbtl.com.mx\/grupojoseli\/wp-json\/wp\/v2\/types\/post"}],"author":[{"embeddable":true,"href":"http:\/\/grupomasbtl.com.mx\/grupojoseli\/wp-json\/wp\/v2\/users\/2"}],"replies":[{"embeddable":true,"href":"http:\/\/grupomasbtl.com.mx\/grupojoseli\/wp-json\/wp\/v2\/comments?post=2852"}],"version-history":[{"count":1,"href":"http:\/\/grupomasbtl.com.mx\/grupojoseli\/wp-json\/wp\/v2\/posts\/2852\/revisions"}],"predecessor-version":[{"id":2854,"href":"http:\/\/grupomasbtl.com.mx\/grupojoseli\/wp-json\/wp\/v2\/posts\/2852\/revisions\/2854"}],"wp:featuredmedia":[{"embeddable":true,"href":"http:\/\/grupomasbtl.com.mx\/grupojoseli\/wp-json\/wp\/v2\/media\/2853"}],"wp:attachment":[{"href":"http:\/\/grupomasbtl.com.mx\/grupojoseli\/wp-json\/wp\/v2\/media?parent=2852"}],"wp:term":[{"taxonomy":"category","embeddable":true,"href":"http:\/\/grupomasbtl.com.mx\/grupojoseli\/wp-json\/wp\/v2\/categories?post=2852"},{"taxonomy":"post_tag","embeddable":true,"href":"http:\/\/grupomasbtl.com.mx\/grupojoseli\/wp-json\/wp\/v2\/tags?post=2852"}],"curies":[{"name":"wp","href":"https:\/\/api.w.org\/{rel}","templated":true}]}}